{"id":49,"date":"2008-08-13T11:30:48","date_gmt":"2008-08-13T09:30:48","guid":{"rendered":"http:\/\/www.tomapower.com\/wordpress\/?p=49"},"modified":"2013-10-25T08:49:02","modified_gmt":"2013-10-25T07:49:02","slug":"petits-changements","status":"publish","type":"post","link":"http:\/\/www.tomapower.com\/wordpress\/petits-changements\/","title":{"rendered":"Petits changements"},"content":{"rendered":"<h3>Quelques changements ont \u00e9t\u00e9 apport\u00e9s au site:<\/h3>\n<p><!--more--><\/p>\n<ol>\n<\/ol>\n<ol>\n<li style=\"text-align: justify;\">Ajout dans la colonne de droite des <span style=\"color: #ff6600;\">Archives<\/span>, permettant de naviguer plus facilement vers d&rsquo;anciens posts.<\/li>\n<li style=\"text-align: justify;\">Ajout d&rsquo;un deuxi\u00e8me bloc dans la colonne de droite permettant l&rsquo;acc\u00e8s aux <span style=\"color: #ff6600;\">8 derniers posts<\/span><span style=\"color: #000000;\">.<\/span><\/li>\n<li style=\"text-align: justify;\">Ajout d&rsquo;un <span style=\"color: #ff6600;\">slideshow<\/span> de toutes les photos contenues dans mon portfolio, pour un aper\u00e7u rapide.<\/li>\n<li style=\"text-align: justify;\">La structure des liens\u00a0a chang\u00e9 puisque l&rsquo;on retrouve le titre du post dans\u00a0l&rsquo;adresse du post<\/li>\n<\/ol>\n<p>(par exemple pour celui-ci: <em>http:\/\/www.tomapower.com\/wordpress\/<span style=\"color: #ff6600;\"><strong>petits-changements\/<\/strong><\/span><\/em>).<\/p>\n","protected":false},"excerpt":{"rendered":"<p><img src= \"http:\/\/www.tomapower.com\/images\/wordpress.jpg\" \/><\/p>\n","protected":false},"author":2,"featured_media":2124,"comment_status":"open","ping_status":"closed","sticky":false,"template":"","format":"standard","meta":{"ngg_post_thumbnail":0,"footnotes":""},"categories":[595,3],"tags":[891,103,82,345,450,415,347,900,413,896,346,901,411,417,348,889],"class_list":["post-49","post","type-post","status-publish","format-standard","has-post-thumbnail","hentry","category-blog","category-3","tag-alexandre-coesnon","tag-coesnon","tag-elinchrom","tag-geneva-photographer","tag-photographe","tag-photographe-01","tag-photographe-74","tag-photographe-annecy","tag-photographe-annemasse","tag-photographe-geneve","tag-photographe-haute-savoie","tag-photographe-pays-de-gex","tag-photographe-studio","tag-photographer","tag-studio-photo","tag-tomapower"],"_links":{"self":[{"href":"http:\/\/www.tomapower.com\/wordpress\/wp-json\/wp\/v2\/posts\/49","targetHints":{"allow":["GET"]}}],"collection":[{"href":"http:\/\/www.tomapower.com\/wordpress\/wp-json\/wp\/v2\/posts"}],"about":[{"href":"http:\/\/www.tomapower.com\/wordpress\/wp-json\/wp\/v2\/types\/post"}],"author":[{"embeddable":true,"href":"http:\/\/www.tomapower.com\/wordpress\/wp-json\/wp\/v2\/users\/2"}],"replies":[{"embeddable":true,"href":"http:\/\/www.tomapower.com\/wordpress\/wp-json\/wp\/v2\/comments?post=49"}],"version-history":[{"count":0,"href":"http:\/\/www.tomapower.com\/wordpress\/wp-json\/wp\/v2\/posts\/49\/revisions"}],"wp:featuredmedia":[{"embeddable":true,"href":"http:\/\/www.tomapower.com\/wordpress\/wp-json\/wp\/v2\/media\/2124"}],"wp:attachment":[{"href":"http:\/\/www.tomapower.com\/wordpress\/wp-json\/wp\/v2\/media?parent=49"}],"wp:term":[{"taxonomy":"category","embeddable":true,"href":"http:\/\/www.tomapower.com\/wordpress\/wp-json\/wp\/v2\/categories?post=49"},{"taxonomy":"post_tag","embeddable":true,"href":"http:\/\/www.tomapower.com\/wordpress\/wp-json\/wp\/v2\/tags?post=49"}],"curies":[{"name":"wp","href":"https:\/\/api.w.org\/{rel}","templated":true}]}}